{"id":607,"date":"2023-06-09T18:40:03","date_gmt":"2023-06-09T18:40:03","guid":{"rendered":"https:\/\/remibolduc.com\/fr\/?p=607"},"modified":"2023-06-09T18:40:03","modified_gmt":"2023-06-09T18:40:03","slug":"approfondissez-les-esprits-oublies-les-compositions-et-arrangements-detailles-sont-desormais-disponibles","status":"publish","type":"post","link":"https:\/\/remibolduc.com\/fr\/approfondissez-les-esprits-oublies-les-compositions-et-arrangements-detailles-sont-desormais-disponibles\/","title":{"rendered":"Approfondissez &#8216;Les Esprits Oubli\u00e9s&#8217; : Les Compositions et Arrangements D\u00e9taill\u00e9s sont D\u00e9sormais Disponibles"},"content":{"rendered":"<p><img loading=\"lazy\" decoding=\"async\" class=\"size-medium wp-image-608 aligncenter\" src=\"https:\/\/remibolduc.com\/fr\/wp-content\/uploads\/sites\/2\/2023\/06\/Screen-Shot-2023-06-09-at-2.31.55-PM-235x300.png\" alt=\"\" width=\"235\" height=\"300\" srcset=\"https:\/\/remibolduc.com\/fr\/wp-content\/uploads\/sites\/2\/2023\/06\/Screen-Shot-2023-06-09-at-2.31.55-PM-235x300.png 235w, https:\/\/remibolduc.com\/fr\/wp-content\/uploads\/sites\/2\/2023\/06\/Screen-Shot-2023-06-09-at-2.31.55-PM.png 456w\" sizes=\"auto, (max-width: 235px) 100vw, 235px\" \/><\/p>\n<p>&nbsp;<\/p>\n<p>Bonjour \u00e0 tous ! \ud83c\udfbc<br \/>\nR\u00e9cemment, j&#8217;ai rassembl\u00e9 dans un livre toutes les compositions et arrangements de mon dernier album, &#8220;Les Esprits Oubli\u00e9s&#8221;.<br \/>\nLe livre comprend des &#8216;lead sheets&#8217; et les arrangements sp\u00e9cifiques que j&#8217;ai \u00e9crits pour les parties en Eb d&#8217;alto, en Bb de t\u00e9nor, et de basses. Ce sont exactement ceux que j&#8217;avais con\u00e7us lors de la cr\u00e9ation de l&#8217;album.<br \/>\nSi vous \u00eates int\u00e9ress\u00e9 \u00e0 approfondir les structures et les \u00e9l\u00e9ments qui composent &#8220;Les Esprits Oubli\u00e9s&#8221;, ou si vous \u00eates un musicien d\u00e9sireux d&#8217;\u00e9tudier ces \u0153uvres, vous pourriez trouver cette ressource utile.<br \/>\nVous pouvez trouver le livre dans la section boutique de mon site Web. Comme toujours, je vous remercie tous pour votre soutien continu.<br \/>\nRestez curieux et continuez \u00e0 explorer la musique ! \ud83c\udfb5<\/p>\n<p><a href=\"https:\/\/remibolduc.com\/store\/\">https:\/\/remibolduc.com\/store\/<\/a><\/p>\n","protected":false},"excerpt":{"rendered":"<p>&nbsp; Bonjour \u00e0 tous ! \ud83c\udfbc R\u00e9cemment, j&#8217;ai rassembl\u00e9 dans un livre toutes les compositions et arrangements de mon dernier album, &#8220;Les Esprits Oubli\u00e9s&#8221;. Le livre comprend des &#8216;lead sheets&#8217; et les arrangements sp\u00e9cifiques que j&#8217;ai \u00e9crits pour les parties en Eb d&#8217;alto, en Bb de t\u00e9nor, et de basses. Ce sont exactement ceux que [&hellip;]<\/p>\n","protected":false},"author":2,"featured_media":608,"comment_status":"closed","ping_status":"closed","sticky":false,"template":"","format":"standard","meta":{"footnotes":""},"categories":[6],"tags":[],"class_list":["post-607","post","type-post","status-publish","format-standard","has-post-thumbnail","hentry","category-general"],"_links":{"self":[{"href":"https:\/\/remibolduc.com\/fr\/wp-json\/wp\/v2\/posts\/607","targetHints":{"allow":["GET"]}}],"collection":[{"href":"https:\/\/remibolduc.com\/fr\/wp-json\/wp\/v2\/posts"}],"about":[{"href":"https:\/\/remibolduc.com\/fr\/wp-json\/wp\/v2\/types\/post"}],"author":[{"embeddable":true,"href":"https:\/\/remibolduc.com\/fr\/wp-json\/wp\/v2\/users\/2"}],"replies":[{"embeddable":true,"href":"https:\/\/remibolduc.com\/fr\/wp-json\/wp\/v2\/comments?post=607"}],"version-history":[{"count":0,"href":"https:\/\/remibolduc.com\/fr\/wp-json\/wp\/v2\/posts\/607\/revisions"}],"wp:featuredmedia":[{"embeddable":true,"href":"https:\/\/remibolduc.com\/fr\/wp-json\/wp\/v2\/media\/608"}],"wp:attachment":[{"href":"https:\/\/remibolduc.com\/fr\/wp-json\/wp\/v2\/media?parent=607"}],"wp:term":[{"taxonomy":"category","embeddable":true,"href":"https:\/\/remibolduc.com\/fr\/wp-json\/wp\/v2\/categories?post=607"},{"taxonomy":"post_tag","embeddable":true,"href":"https:\/\/remibolduc.com\/fr\/wp-json\/wp\/v2\/tags?post=607"}],"curies":[{"name":"wp","href":"https:\/\/api.w.org\/{rel}","templated":true}]}}